{"id":8408,"date":"2017-12-04T14:01:32","date_gmt":"2017-12-04T12:01:32","guid":{"rendered":"https:\/\/latam.patiadiabetes.com\/?p=8408"},"modified":"2020-12-07T18:14:06","modified_gmt":"2020-12-07T16:14:06","slug":"lactancia-prevenir-diabetes-2","status":"publish","type":"post","link":"https:\/\/latam.patiadiabetes.com\/es\/lactancia-prevenir-diabetes-2\/","title":{"rendered":"La importancia de los 1000 primeros d\u00edas de vida (II): La lactancia"},"content":{"rendered":"<div class=\"fusion-fullwidth fullwidth-box fusion-builder-row-1 hundred-percent-fullwidth non-hundred-percent-height-scrolling\" style=\"background-color: rgba(255,255,255,0);background-position: center center;background-repeat: no-repeat;padding-top:0px;padding-right:0px;padding-bottom:0px;padding-left:0px;margin-bottom: 0px;margin-top: 0px;border-width: 0px 0px 0px 0px;border-color:#eae9e9;border-style:solid;\" ><div class=\"fusion-builder-row fusion-row\"><div class=\"fusion-layout-column fusion_builder_column fusion-builder-column-0 fusion_builder_column_1_1 1_1 fusion-one-full fusion-column-first fusion-column-last\" style=\"margin-top:0px;margin-bottom:10px;\"><div class=\"fusion-column-wrapper fusion-flex-column-wrapper-legacy\" style=\"background-position:left top;background-repeat:no-repeat;-webkit-background-size:cover;-moz-background-size:cover;-o-background-size:cover;background-size:cover;padding: 0px 0px 0px 0px;\"><div class=\"fusion-text fusion-text-1\"><h1>La lactancia:\u00a0La importancia de los 1000 primeros d\u00edas de vida (II)<\/h1>\n<\/div><div class=\"fusion-clearfix\"><\/div><\/div><\/div><div class=\"fusion-layout-column fusion_builder_column fusion-builder-column-1 fusion_builder_column_4_5 4_5 fusion-four-fifth fusion-column-first\" style=\"width:79.2%; margin-right: 4%;margin-top:0px;margin-bottom:10px;\"><div class=\"fusion-column-wrapper fusion-flex-column-wrapper-legacy\" style=\"background-position:left top;background-repeat:no-repeat;-webkit-background-size:cover;-moz-background-size:cover;-o-background-size:cover;background-size:cover;padding: 0px 0px 0px 0px;\"><div class=\"fusion-text fusion-text-2\"><blockquote>\n<p style=\"padding-left: 30px;\"><span style=\"font-weight: 400;\">Los primeros mil d\u00edas de vida son trascendentales para la salud y para prevenir el desarrollo de la obesidad y la diabetes tipo 2. Dentro de este periodo una segunda fase a tener en cuenta &#8211; tras el embarazo &#8211; corresponde a los <\/span><b>primeros 6 meses desde el nacimiento<\/b><span style=\"font-weight: 400;\">. En este periodo la alimentaci\u00f3n m\u00e1s recomendada por sus beneficios tanto para la madre como para el beb\u00e9, es la lactancia materna.<\/span><\/p>\n<\/blockquote>\n<\/div><div class=\"fusion-clearfix\"><\/div><\/div><\/div><div class=\"fusion-layout-column fusion_builder_column fusion-builder-column-2 fusion_builder_column_1_5 1_5 fusion-one-fifth fusion-column-last\" style=\"width:16.8%;margin-top:0px;margin-bottom:10px;\"><div class=\"fusion-column-wrapper fusion-flex-column-wrapper-legacy\" style=\"background-position:left top;background-repeat:no-repeat;-webkit-background-size:cover;-moz-background-size:cover;-o-background-size:cover;background-size:cover;padding: 0px 0px 0px 0px;\"><div class=\"fusion-text fusion-text-3\"><div id=\"attachment_8011\" style=\"width: 427px\" class=\"wp-caption alignnone\"><img aria-describedby=\"caption-attachment-8011\" decoding=\"async\" class=\"lazyload wp-image-8011 size-full\" src=\"https:\/\/latam.patiadiabetes.com\/wp-content\/uploads\/2017\/10\/santyConde.jpg\" data-orig-src=\"https:\/\/latam.patiadiabetes.com\/wp-content\/uploads\/2017\/10\/santyConde.jpg\" alt=\"santyConde\" width=\"417\" height=\"417\" srcset=\"data:image\/svg+xml,%3Csvg%20xmlns%3D%27http%3A%2F%2Fwww.w3.org%2F2000%2Fsvg%27%20width%3D%27417%27%20height%3D%27417%27%20viewBox%3D%270%200%20417%20417%27%3E%3Crect%20width%3D%27417%27%20height%3D%27417%27%20fill-opacity%3D%220%22%2F%3E%3C%2Fsvg%3E\" data-srcset=\"https:\/\/latam.patiadiabetes.com\/wp-content\/uploads\/2017\/10\/santyConde-66x66.jpg 66w, https:\/\/latam.patiadiabetes.com\/wp-content\/uploads\/2017\/10\/santyConde-150x150.jpg 150w, https:\/\/latam.patiadiabetes.com\/wp-content\/uploads\/2017\/10\/santyConde-300x300.jpg 300w, https:\/\/latam.patiadiabetes.com\/wp-content\/uploads\/2017\/10\/santyConde.jpg 417w\" data-sizes=\"auto\" data-orig-sizes=\"(max-width: 417px) 100vw, 417px\" \/><p id=\"caption-attachment-8011\" class=\"wp-caption-text\">Por Santy Conde, pediatra<\/p><\/div>\n<\/div><div class=\"fusion-clearfix\"><\/div><\/div><\/div><div class=\"fusion-layout-column fusion_builder_column fusion-builder-column-3 fusion_builder_column_1_1 1_1 fusion-one-full fusion-column-first fusion-column-last\" style=\"margin-top:0px;margin-bottom:10px;\"><div class=\"fusion-column-wrapper fusion-flex-column-wrapper-legacy\" style=\"background-position:left top;background-repeat:no-repeat;-webkit-background-size:cover;-moz-background-size:cover;-o-background-size:cover;background-size:cover;padding: 0px 0px 0px 0px;\"><div class=\"fusion-text fusion-text-4\"><p><span style=\"font-weight: 400;\">Una vez cortado el cord\u00f3n umbilical, la alimentaci\u00f3n del reci\u00e9n nacido ser\u00e1 su \u00fanica fuente de nutrientes, por donde deber\u00e1 recibir todo lo que necesita para su crecimiento y desarrollo. Todas las evidencias apuntan a que la mejor opci\u00f3n para alimentar al beb\u00e9 en esta etapa es la lactancia materna, ofrecida a demanda (en el momento y cantidad que el ni\u00f1o necesite). Cuyos beneficios tanto para la madre como para el beb\u00e9 la hacen la opci\u00f3n m\u00e1s recomendada.<\/span><\/p>\n<h2>Beneficios de la lactancia materna para el beb\u00e9<\/h2>\n<h2><\/h2>\n<\/div><div class=\"fusion-clearfix\"><\/div><\/div><\/div><div class=\"fusion-layout-column fusion_builder_column fusion-builder-column-4 fusion_builder_column_3_5 3_5 fusion-three-fifth fusion-column-first\" style=\"width:58.4%; margin-right: 4%;margin-top:0px;margin-bottom:10px;\"><div class=\"fusion-column-wrapper fusion-flex-column-wrapper-legacy\" style=\"background-position:left top;background-repeat:no-repeat;-webkit-background-size:cover;-moz-background-size:cover;-o-background-size:cover;background-size:cover;padding: 0px 0px 0px 0px;\"><div class=\"fusion-text fusion-text-5\"><p>La leche materna es un alimento equilibrado, <b>cuya composici\u00f3n se adapta a las necesidades del ni\u00f1o en todas las etapas de su desarrollo f\u00edsico y neurol\u00f3gico<\/b>, desde la formaci\u00f3n del calostro en los primeros d\u00edas (m\u00e1s rico en prote\u00ednas y con importantes funciones inmunitarias y de adaptaci\u00f3n) hasta la leche madura.\u00a0Incluso dentro de cada toma la composici\u00f3n de la leche materna se adapta a las necesidades digestivas del ni\u00f1o.<\/p>\n<\/div><div class=\"fusion-clearfix\"><\/div><\/div><\/div><div class=\"fusion-layout-column fusion_builder_column fusion-builder-column-5 fusion_builder_column_2_5 2_5 fusion-two-fifth fusion-column-last\" style=\"width:37.6%;margin-top:0px;margin-bottom:10px;\"><div class=\"fusion-column-wrapper fusion-flex-column-wrapper-legacy\" style=\"background-position:left top;background-repeat:no-repeat;-webkit-background-size:cover;-moz-background-size:cover;-o-background-size:cover;background-size:cover;padding: 0px 0px 0px 0px;\"><div class=\"fusion-text fusion-text-6\"><p><img decoding=\"async\" class=\"lazyload alignnone wp-image-8409 size-full\" src=\"data:image\/svg+xml,%3Csvg%20xmlns%3D%27http%3A%2F%2Fwww.w3.org%2F2000%2Fsvg%27%20width%3D%27299%27%20height%3D%27168%27%20viewBox%3D%270%200%20299%20168%27%3E%3Crect%20width%3D%27299%27%20height%3D%27168%27%20fill-opacity%3D%220%22%2F%3E%3C%2Fsvg%3E\" data-orig-src=\"https:\/\/latam.patiadiabetes.com\/wp-content\/uploads\/2017\/12\/bebe-lactancia.jpeg\" alt=\"beneficios lactancia materna prevenir diabetes 2\" width=\"299\" height=\"168\" \/><\/p>\n<\/div><div class=\"fusion-clearfix\"><\/div><\/div><\/div><div class=\"fusion-layout-column fusion_builder_column fusion-builder-column-6 fusion_builder_column_1_1 1_1 fusion-one-full fusion-column-first fusion-column-last\" style=\"margin-top:0px;margin-bottom:10px;\"><div class=\"fusion-column-wrapper fusion-flex-column-wrapper-legacy\" style=\"background-position:left top;background-repeat:no-repeat;-webkit-background-size:cover;-moz-background-size:cover;-o-background-size:cover;background-size:cover;padding: 0px 0px 0px 0px;\"><div class=\"fusion-text fusion-text-7\"><p><span style=\"font-weight: 400;\">La leche materna <strong>favorece el desarrollo adecuado del<\/strong> <\/span><b>sistema inmunol\u00f3gico<\/b><span style=\"font-weight: 400;\">, mejorando la protecci\u00f3n del ni\u00f1o frente a infecciones comunes en la infancia (infecciones respiratorias, otitis, gastroenteritis, etc.) y tambi\u00e9n frente a otras enfermedades que afectan al sistema inmunol\u00f3gico, tanto durante la infancia como en la edad adulta. As\u00ed, enfermedades como la dermatitis at\u00f3pica, las alergias, el asma, la enfermedad intestinal y enfermedades autoinmunes como la diabetes tipo 1 son menos frecuentes en personas que han recibido lactancia materna (<\/span><a href=\"https:\/\/www.ncbi.nlm.nih.gov\/pubmed\/28487451\" target=\"_blank\" rel=\"noopener noreferrer\"><i><span style=\"font-weight: 400;\">Infant Feeding and Risk of Type 1 Diabetes in Two Large Scandinavian Birth Cohorts<\/span><\/i><\/a><span style=\"font-weight: 400;\">).<\/span><\/p>\n<\/div><div class=\"fusion-text fusion-text-8\"><p><span style=\"font-weight: 400;\">Estos <\/span><b>beneficios est\u00e1n relacionados tanto con la maduraci\u00f3n del sistema inmunol\u00f3gico como con el establecimiento de la microbiota (flora) a nivel intestinal, pero tambi\u00e9n en piel y mucosas<\/b><span style=\"font-weight: 400;\">, y probablemente est\u00e1n relacionados no s\u00f3lo con la composici\u00f3n de la leche materna sino tambi\u00e9n con la evitaci\u00f3n de otros alimentos (leche de vaca y alimentaci\u00f3n complementaria) en las primeras fases de la vida en que el sistema digestivo e inmunol\u00f3gico a\u00fan no son maduros.<\/span><\/p>\n<\/div><div class=\"fusion-clearfix\"><\/div><\/div><\/div><div class=\"fusion-layout-column fusion_builder_column fusion-builder-column-7 fusion_builder_column_1_1 1_1 fusion-one-full fusion-column-first fusion-column-last\" style=\"margin-top:0px;margin-bottom:10px;\"><div class=\"fusion-column-wrapper fusion-flex-column-wrapper-legacy\" style=\"background-position:left top;background-repeat:no-repeat;-webkit-background-size:cover;-moz-background-size:cover;-o-background-size:cover;background-size:cover;padding: 0px 0px 0px 0px;\"><style type='text\/css'>.reading-box-container-1 .element-bottomshadow:before,.reading-box-container-1 .element-bottomshadow:after{opacity:0.7;}<\/style><div class=\"fusion-reading-box-container reading-box-container-1\" style=\"margin-top:50px;margin-bottom:40px;\"><div class=\"reading-box\" style=\"background-color:#f5f5f5;border-width:1px;border-color:#f5f5f5;border-top-width:3px;border-top-color:var(--primary_color);border-style:solid;\"><div class=\"reading-box-additional\">\n<h2><span style=\"font-weight: 400;\">Lactancia materna y diabetes:<\/span><\/h2>\n<ul>\n<li style=\"font-weight: 400;\"><span style=\"font-weight: 400;\">Constituye por s\u00ed misma un factor de protecci\u00f3n contra la obesidad y enfermedades metab\u00f3licas como la diabetes tipo 2.<\/span><\/li>\n<\/ul>\n<ul>\n<li style=\"font-weight: 400;\"><span style=\"font-weight: 400;\">Protege de la obesidad y diabetes tipo 2 a los ni\u00f1os en cuyo embarazo existi\u00f3 diabetes gestacional.<\/span><\/li>\n<\/ul>\n<ul>\n<li style=\"font-weight: 400;\"><span style=\"font-weight: 400;\">Reducir el riesgo de diabetes tipo 2 en mujeres que han sufrido diabetes gestacional.<\/span><\/li>\n<\/ul>\n<\/div><div class=\"fusion-clearfix\"><\/div><\/div><\/div><div class=\"fusion-clearfix\"><\/div><\/div><\/div><div class=\"fusion-layout-column fusion_builder_column fusion-builder-column-8 fusion_builder_column_3_5 3_5 fusion-three-fifth fusion-column-first\" style=\"width:58.4%; margin-right: 4%;margin-top:0px;margin-bottom:10px;\"><div class=\"fusion-column-wrapper fusion-flex-column-wrapper-legacy\" style=\"background-position:left top;background-repeat:no-repeat;-webkit-background-size:cover;-moz-background-size:cover;-o-background-size:cover;background-size:cover;padding: 0px 0px 0px 0px;\"><div class=\"fusion-text fusion-text-9\"><p>Adem\u00e1s, la lactancia materna es un\u00a0<b>factor protector contra la muerte s\u00fabita<\/b>\u00a0y constituye por s\u00ed misma un<b>\u00a0factor de protecci\u00f3n contra la obesidad y enfermedades metab\u00f3licas<\/b>\u00a0como la diabetes tipo 2, la dislipemia o el s\u00edndrome metab\u00f3lico. (<a href=\"http:\/\/www.scielo.cl\/scielo.php?script=sci_arttext&amp;pid=S0370-41062017000100001\" target=\"_blank\" rel=\"noopener noreferrer\"><i>Beneficios de la lactancia materna y riesgos de no amamantar<\/i><\/a>).\u00a0<span style=\"font-weight: 400;\">Tambi\u00e9n se ha comprobado que la lactancia materna <\/span><b>protege espec\u00edficamente de desarrollar obesidad y diabetes mellitus tipo 2 a los ni\u00f1os en cuyo embarazo existi\u00f3 diabetes gestacional<\/b><span style=\"font-weight: 400;\"> (<\/span><i><span style=\"font-weight: 400;\"><a href=\"https:\/\/www.ncbi.nlm.nih.gov\/pubmed\/28848122\" target=\"_blank\" rel=\"noopener noreferrer\">Postnatal Prevention of Childhood Obesity in Offspring Prenatally Exposed to Gestational Diabetes mellitus: Where Are We Now?<\/a>).<\/span><\/i><\/p>\n<\/div><div class=\"fusion-clearfix\"><\/div><\/div><\/div><div class=\"fusion-layout-column fusion_builder_column fusion-builder-column-9 fusion_builder_column_2_5 2_5 fusion-two-fifth fusion-column-last\" style=\"width:37.6%;margin-top:0px;margin-bottom:10px;\"><div class=\"fusion-column-wrapper fusion-flex-column-wrapper-legacy\" style=\"background-position:left top;background-repeat:no-repeat;-webkit-background-size:cover;-moz-background-size:cover;-o-background-size:cover;background-size:cover;padding: 0px 0px 0px 0px;\"><div class=\"fusion-text fusion-text-10\"><p><img decoding=\"async\" class=\"lazyload alignnone size-full wp-image-8414\" src=\"https:\/\/latam.patiadiabetes.com\/wp-content\/uploads\/2017\/12\/1_M3yx3Qz5M2lhWg8EWreqSQ.jpeg\" data-orig-src=\"https:\/\/latam.patiadiabetes.com\/wp-content\/uploads\/2017\/12\/1_M3yx3Qz5M2lhWg8EWreqSQ.jpeg\" alt=\"beneficios lactancia materna prevenir diabetes 2\" width=\"1000\" height=\"667\" srcset=\"data:image\/svg+xml,%3Csvg%20xmlns%3D%27http%3A%2F%2Fwww.w3.org%2F2000%2Fsvg%27%20width%3D%271000%27%20height%3D%27667%27%20viewBox%3D%270%200%201000%20667%27%3E%3Crect%20width%3D%271000%27%20height%3D%27667%27%20fill-opacity%3D%220%22%2F%3E%3C%2Fsvg%3E\" data-srcset=\"https:\/\/latam.patiadiabetes.com\/wp-content\/uploads\/2017\/12\/1_M3yx3Qz5M2lhWg8EWreqSQ-300x200.jpeg 300w, https:\/\/latam.patiadiabetes.com\/wp-content\/uploads\/2017\/12\/1_M3yx3Qz5M2lhWg8EWreqSQ-768x512.jpeg 768w, https:\/\/latam.patiadiabetes.com\/wp-content\/uploads\/2017\/12\/1_M3yx3Qz5M2lhWg8EWreqSQ.jpeg 1000w\" data-sizes=\"auto\" data-orig-sizes=\"(max-width: 1000px) 100vw, 1000px\" \/><\/p>\n<\/div><div class=\"fusion-clearfix\"><\/div><\/div><\/div><div class=\"fusion-layout-column fusion_builder_column fusion-builder-column-10 fusion_builder_column_1_1 1_1 fusion-one-full fusion-column-first fusion-column-last\" style=\"margin-top:0px;margin-bottom:10px;\"><div class=\"fusion-column-wrapper fusion-flex-column-wrapper-legacy\" style=\"background-position:left top;background-repeat:no-repeat;-webkit-background-size:cover;-moz-background-size:cover;-o-background-size:cover;background-size:cover;padding: 0px 0px 0px 0px;\"><div class=\"fusion-text fusion-text-11\"><p>Respecto a las necesidades nutricionales del ni\u00f1o, la leche materna es deficitaria en vitamina D, por lo que <b>los ni\u00f1os amamantados deben recibir un suplemento de vitamina D<\/b>, especialmente durante los meses de oto\u00f1o e invierno, periodo en que disminuye la producci\u00f3n cut\u00e1nea de vitamina D por exposici\u00f3n a la luz solar. A partir de los 6 meses los dep\u00f3sitos de hierro del ni\u00f1o se reducen, y la leche materna proporciona un aporte insuficiente de este mineral, por lo que se hace necesaria la introducci\u00f3n de alimentos ricos en hierro (principalmente carnes) en la alimentaci\u00f3n complementaria.<\/p>\n<h2>Beneficios de la lactancia materna para la madre<\/h2>\n<\/div><div class=\"fusion-clearfix\"><\/div><\/div><\/div><div class=\"fusion-layout-column fusion_builder_column fusion-builder-column-11 fusion_builder_column_1_2 1_2 fusion-one-half fusion-column-first\" style=\"width:48%; margin-right: 4%;margin-top:0px;margin-bottom:10px;\"><div class=\"fusion-column-wrapper fusion-flex-column-wrapper-legacy\" style=\"background-position:left top;background-repeat:no-repeat;-webkit-background-size:cover;-moz-background-size:cover;-o-background-size:cover;background-size:cover;padding: 0px 0px 0px 0px;\"><div class=\"fusion-text fusion-text-12\"><p><span style=\"font-weight: 400;\">La lactancia materna ofrece tambi\u00e9n m\u00faltiples beneficios, destacando que favorece la recuperaci\u00f3n del peso despu\u00e9s del embarazo y la mejora del perfil metab\u00f3lico tras el mismo, especialmente cuando la ganancia ponderal durante el embarazo ha sido excesiva o exist\u00eda sobrepeso previo al embarazo. Adem\u00e1s, se ha comprobado que la lactancia materna puede reducir el riesgo de diabetes tipo 2 en mujeres que han sufrido diabetes gestacional. (<\/span><a href=\"https:\/\/www.ncbi.nlm.nih.gov\/pubmed\/24439841\" target=\"_blank\" rel=\"noopener noreferrer\"><i><span style=\"font-weight: 400;\">Breastfeeding and the maternal risk of type 2 diabetes: a systematic review and dose-response meta-analysis of cohort studies<\/span><\/i><\/a><span style=\"font-weight: 400;\">) <\/span><\/p>\n<\/div><div class=\"fusion-clearfix\"><\/div><\/div><\/div><div class=\"fusion-layout-column fusion_builder_column fusion-builder-column-12 fusion_builder_column_1_2 1_2 fusion-one-half fusion-column-last\" style=\"width:48%;margin-top:0px;margin-bottom:10px;\"><div class=\"fusion-column-wrapper fusion-flex-column-wrapper-legacy\" style=\"background-position:left top;background-repeat:no-repeat;-webkit-background-size:cover;-moz-background-size:cover;-o-background-size:cover;background-size:cover;padding: 0px 0px 0px 0px;\"><div class=\"fusion-text fusion-text-13\"><p><img decoding=\"async\" class=\"lazyload alignnone wp-image-8443 size-full\" src=\"https:\/\/latam.patiadiabetes.com\/wp-content\/uploads\/2017\/12\/media-20171204-1.png\" data-orig-src=\"https:\/\/latam.patiadiabetes.com\/wp-content\/uploads\/2017\/12\/media-20171204-1.png\" alt=\"beneficios lactancia materna prevenir diabetes 2\" width=\"401\" height=\"284\" srcset=\"data:image\/svg+xml,%3Csvg%20xmlns%3D%27http%3A%2F%2Fwww.w3.org%2F2000%2Fsvg%27%20width%3D%27401%27%20height%3D%27284%27%20viewBox%3D%270%200%20401%20284%27%3E%3Crect%20width%3D%27401%27%20height%3D%27284%27%20fill-opacity%3D%220%22%2F%3E%3C%2Fsvg%3E\" data-srcset=\"https:\/\/latam.patiadiabetes.com\/wp-content\/uploads\/2017\/12\/media-20171204-1-300x212.png 300w, https:\/\/latam.patiadiabetes.com\/wp-content\/uploads\/2017\/12\/media-20171204-1.png 401w\" data-sizes=\"auto\" data-orig-sizes=\"(max-width: 401px) 100vw, 401px\" \/><\/p>\n<\/div><div class=\"fusion-clearfix\"><\/div><\/div><\/div><div class=\"fusion-layout-column fusion_builder_column fusion-builder-column-13 fusion_builder_column_1_1 1_1 fusion-one-full fusion-column-first fusion-column-last\" style=\"margin-top:0px;margin-bottom:10px;\"><div class=\"fusion-column-wrapper fusion-flex-column-wrapper-legacy\" style=\"background-position:left top;background-repeat:no-repeat;-webkit-background-size:cover;-moz-background-size:cover;-o-background-size:cover;background-size:cover;background-color:#f2f2f2;padding: 0px 0px 0px 0px;\"><div class=\"fusion-text fusion-text-14\"><h3 style=\"text-align: center;\"><span style=\"font-weight: 400;\"><br \/>\nLa Organizaci\u00f3n Mundial de la Salud recomienda la lactancia materna siempre que sea posible, manteni\u00e9ndola de forma exclusiva hasta los 6 meses de vida del beb\u00e9, y posteriormente junto a la alimentaci\u00f3n complementaria hasta al menos los 2 a\u00f1os de vida. <\/span><\/h3>\n<\/div><div class=\"fusion-clearfix\"><\/div><\/div><\/div><div class=\"fusion-layout-column fusion_builder_column fusion-builder-column-14 fusion_builder_column_1_1 1_1 fusion-one-full fusion-column-first fusion-column-last\" style=\"margin-top:0px;margin-bottom:10px;\"><div class=\"fusion-column-wrapper fusion-flex-column-wrapper-legacy\" style=\"background-position:left top;background-repeat:no-repeat;-webkit-background-size:cover;-moz-background-size:cover;-o-background-size:cover;background-size:cover;padding: 0px 0px 0px 0px;\"><div class=\"fusion-text fusion-text-15\"><h2>Alimentaci\u00f3n con leche de f\u00f3rmula<\/h2>\n<p><span style=\"font-weight: 400;\">Cuando no sea posible la lactancia materna, ser\u00e1 necesario optar por la alimentaci\u00f3n con leche de f\u00f3rmula. En cuyo caso hay que prestar atenci\u00f3n a la cuidadosa preparaci\u00f3n de los biberones y a <\/span><b>reconocer las se\u00f1ales de saciedad del ni\u00f1o para no ofrecerle m\u00e1s alimento del que necesita<\/b><span style=\"font-weight: 400;\">. En el caso de la lactancia artificial existen m\u00e1s controversias en cuanto al momento ideal de introducci\u00f3n de la alimentaci\u00f3n complementaria, aunque se tiende cada vez m\u00e1s a retrasar hasta los 6 meses la introducci\u00f3n de otros alimentos. En el caso de empezar alimentaci\u00f3n complementaria antes de los 6 meses se suele comenzar con la introducci\u00f3n de las frutas y de los cereales sin gluten, habitualmente en forma de papillas, y nunca antes de los 4 meses de vida (<\/span><a href=\"https:\/\/www.ncbi.nlm.nih.gov\/pubmed\/28027215\" target=\"_blank\" rel=\"noopener noreferrer\"><i><span style=\"font-weight: 400;\">Complementary Feeding: A Position Paper by the European Society for Paediatric Gastroenterology, Hepatology, and Nutrition (ESPGHAN) Committee on Nutrition<\/span><\/i><\/a><span style=\"font-weight: 400;\">).<\/span><\/p>\n<h2>Otras recomendaciones de salud<\/h2>\n<\/div><div class=\"fusion-clearfix\"><\/div><\/div><\/div><div class=\"fusion-layout-column fusion_builder_column fusion-builder-column-15 fusion_builder_column_3_5 3_5 fusion-three-fifth fusion-column-first\" style=\"width:58.4%; margin-right: 4%;margin-top:0px;margin-bottom:10px;\"><div class=\"fusion-column-wrapper fusion-flex-column-wrapper-legacy\" style=\"background-position:left top;background-repeat:no-repeat;-webkit-background-size:cover;-moz-background-size:cover;-o-background-size:cover;background-size:cover;padding: 0px 0px 0px 0px;\"><div class=\"fusion-text fusion-text-16\"><p><span style=\"font-weight: 400;\">En cuanto a la <\/span><b>actividad f\u00edsica<\/b><span style=\"font-weight: 400;\">, podemos empezar a trabajar con nuestro peque\u00f1o la percepci\u00f3n y la coordinaci\u00f3n ya desde los primeros d\u00edas de vida, a trav\u00e9s de masajes, y posteriormente juegos y ejercicios de estimulaci\u00f3n. Adem\u00e1s, una vez recuperada del parto, la madre puede retomar actividad f\u00edsica suave, y durante esos primeros 6 meses la familia puede mantener un estilo de vida activo, con paseos frecuentes, donde opciones como el porteo nos permitir\u00e1n fomentar la actividad f\u00edsica de nuestro beb\u00e9 incluso antes de que camine.<\/span><\/p>\n<\/div><div class=\"fusion-clearfix\"><\/div><\/div><\/div><div class=\"fusion-layout-column fusion_builder_column fusion-builder-column-16 fusion_builder_column_2_5 2_5 fusion-two-fifth fusion-column-last\" style=\"width:37.6%;margin-top:0px;margin-bottom:10px;\"><div class=\"fusion-column-wrapper fusion-flex-column-wrapper-legacy\" style=\"background-position:left top;background-repeat:no-repeat;-webkit-background-size:cover;-moz-background-size:cover;-o-background-size:cover;background-size:cover;padding: 0px 0px 0px 0px;\"><div class=\"fusion-text fusion-text-17\"><p><img decoding=\"async\" class=\"lazyload alignnone wp-image-8426 size-full\" src=\"data:image\/svg+xml,%3Csvg%20xmlns%3D%27http%3A%2F%2Fwww.w3.org%2F2000%2Fsvg%27%20width%3D%27259%27%20height%3D%27194%27%20viewBox%3D%270%200%20259%20194%27%3E%3Crect%20width%3D%27259%27%20height%3D%27194%27%20fill-opacity%3D%220%22%2F%3E%3C%2Fsvg%3E\" data-orig-src=\"https:\/\/latam.patiadiabetes.com\/wp-content\/uploads\/2017\/12\/images-1.jpeg\" alt=\"beneficios lactancia materna prevenir diabetes 2\" width=\"259\" height=\"194\" \/><\/p>\n<\/div><div class=\"fusion-clearfix\"><\/div><\/div><\/div><div class=\"fusion-layout-column fusion_builder_column fusion-builder-column-17 fusion_builder_column_1_1 1_1 fusion-one-full fusion-column-first fusion-column-last\" style=\"margin-top:0px;margin-bottom:10px;\"><div class=\"fusion-column-wrapper fusion-flex-column-wrapper-legacy\" style=\"background-position:left top;background-repeat:no-repeat;-webkit-background-size:cover;-moz-background-size:cover;-o-background-size:cover;background-size:cover;padding: 0px 0px 0px 0px;\"><div class=\"fusion-text fusion-text-18\"><p><span style=\"font-weight: 400;\">Por \u00faltimo, al igual que durante el embarazo y el resto de la infancia, es fundamental <\/span><b>evitar la exposici\u00f3n de los reci\u00e9n nacidos al tabaco y otros t\u00f3xicos<\/b><span style=\"font-weight: 400;\">, as\u00ed que la llegada de un nuevo miembro a la familia es una ocasi\u00f3n estupenda para que las personas que fuman en el entorno familiar se planteen dejarlo, mejorando as\u00ed su salud y la del beb\u00e9.<\/span><\/p>\n<\/div><div class=\"fusion-clearfix\"><\/div><\/div><\/div><div class=\"fusion-layout-column fusion_builder_column fusion-builder-column-18 fusion_builder_column_1_1 1_1 fusion-one-full fusion-column-first fusion-column-last\" style=\"margin-top:0px;margin-bottom:10px;\"><div class=\"fusion-column-wrapper fusion-flex-column-wrapper-legacy\" style=\"background-position:left top;background-repeat:no-repeat;-webkit-background-size:cover;-moz-background-size:cover;-o-background-size:cover;background-size:cover;padding: 0px 0px 0px 0px;\"><div class=\"fusion-text fusion-text-19\"><blockquote>\n<p><span style=\"font-weight: 400;\">En resumen, si como padres quer\u00e9is cuidar el futuro del beb\u00e9 desde los primeros seis meses de vida: iniciad y mantened lactancia materna a demanda, estimulad su desarrollo y psicomotricidad desde los primeros d\u00edas y evitad el humo del tabaco. Y por supuesto, aunque esto es otro tema, <strong>recordad que las <\/strong><\/span><strong>vacunas<\/strong><span style=\"font-weight: 400;\"><strong> son esenciales para proteger la salud<\/strong>, solicitad informaci\u00f3n y vacunad a vuestro hijo.<\/span><\/p>\n<\/blockquote>\n<\/div><div class=\"fusion-clearfix\"><\/div><\/div><\/div><\/div><style type=\"text\/css\">.fusion-fullwidth.fusion-builder-row-1 { overflow:visible; }<\/style><\/div>\n","protected":false},"excerpt":{"rendered":"","protected":false},"author":20,"featured_media":8411,"comment_status":"open","ping_status":"closed","sticky":false,"template":"","format":"standard","meta":[],"categories":[1],"tags":[],"yoast_head":"<!-- This site is optimized with the Yoast SEO plugin v19.14 - https:\/\/yoast.com\/wordpress\/plugins\/seo\/ -->\n<title>Lactancia y diabetes: los primeros mil d\u00edas de vida (II)<\/title>\n<meta name=\"description\" content=\"Conoce los beneficios de la lactancia materna tanto para la salud del beb\u00e9 como de la madre y para prevenir la obesidad y la diabetes tipo 2.\" \/>\n<meta name=\"robots\" content=\"index, follow, max-snippet:-1, max-image-preview:large, max-video-preview:-1\" \/>\n<link rel=\"canonical\" href=\"https:\/\/latam.patiadiabetes.com\/es\/lactancia-prevenir-diabetes-2\/\" \/>\n<meta property=\"og:locale\" content=\"es_ES\" \/>\n<meta property=\"og:type\" content=\"article\" \/>\n<meta property=\"og:title\" content=\"Lactancia y diabetes: los primeros mil d\u00edas de vida (II)\" \/>\n<meta property=\"og:description\" content=\"Conoce los beneficios de la lactancia materna tanto para la salud del beb\u00e9 como de la madre y para prevenir la obesidad y la diabetes tipo 2.\" \/>\n<meta property=\"og:url\" content=\"https:\/\/latam.patiadiabetes.com\/es\/lactancia-prevenir-diabetes-2\/\" \/>\n<meta property=\"og:site_name\" content=\"PATIA Diabetes\" \/>\n<meta property=\"article:published_time\" content=\"2017-12-04T12:01:32+00:00\" \/>\n<meta property=\"article:modified_time\" content=\"2020-12-07T16:14:06+00:00\" \/>\n<meta property=\"og:image\" content=\"https:\/\/latam.patiadiabetes.com\/wp-content\/uploads\/2017\/12\/Evolucio\u0301n-del-peso-en-la-infancia-11.png\" \/>\n\t<meta property=\"og:image:width\" content=\"860\" \/>\n\t<meta property=\"og:image:height\" content=\"520\" \/>\n\t<meta property=\"og:image:type\" content=\"image\/png\" \/>\n<meta name=\"author\" content=\"Santy Conde\" \/>\n<meta name=\"twitter:card\" content=\"summary_large_image\" \/>\n<meta name=\"twitter:label1\" content=\"Escrito por\" \/>\n\t<meta name=\"twitter:data1\" content=\"Santy Conde\" \/>\n\t<meta name=\"twitter:label2\" content=\"Tiempo de lectura\" \/>\n\t<meta name=\"twitter:data2\" content=\"12 minutos\" \/>\n<script type=\"application\/ld+json\" class=\"yoast-schema-graph\">{\"@context\":\"https:\/\/schema.org\",\"@graph\":[{\"@type\":\"Article\",\"@id\":\"https:\/\/latam.patiadiabetes.com\/es\/lactancia-prevenir-diabetes-2\/#article\",\"isPartOf\":{\"@id\":\"https:\/\/latam.patiadiabetes.com\/es\/lactancia-prevenir-diabetes-2\/\"},\"author\":{\"name\":\"Santy Conde\",\"@id\":\"https:\/\/latam.patiadiabetes.com\/#\/schema\/person\/4fcc77cb80664a79275a88dc33d6d9ee\"},\"headline\":\"La importancia de los 1000 primeros d\u00edas de vida (II): La lactancia\",\"datePublished\":\"2017-12-04T12:01:32+00:00\",\"dateModified\":\"2020-12-07T16:14:06+00:00\",\"mainEntityOfPage\":{\"@id\":\"https:\/\/latam.patiadiabetes.com\/es\/lactancia-prevenir-diabetes-2\/\"},\"wordCount\":2507,\"commentCount\":0,\"publisher\":{\"@id\":\"https:\/\/latam.patiadiabetes.com\/#organization\"},\"articleSection\":[\"Prevenci\u00f3n diabetes\"],\"inLanguage\":\"es\",\"potentialAction\":[{\"@type\":\"CommentAction\",\"name\":\"Comment\",\"target\":[\"https:\/\/latam.patiadiabetes.com\/es\/lactancia-prevenir-diabetes-2\/#respond\"]}]},{\"@type\":\"WebPage\",\"@id\":\"https:\/\/latam.patiadiabetes.com\/es\/lactancia-prevenir-diabetes-2\/\",\"url\":\"https:\/\/latam.patiadiabetes.com\/es\/lactancia-prevenir-diabetes-2\/\",\"name\":\"Lactancia y diabetes: los primeros mil d\u00edas de vida (II)\",\"isPartOf\":{\"@id\":\"https:\/\/latam.patiadiabetes.com\/#website\"},\"datePublished\":\"2017-12-04T12:01:32+00:00\",\"dateModified\":\"2020-12-07T16:14:06+00:00\",\"description\":\"Conoce los beneficios de la lactancia materna tanto para la salud del beb\u00e9 como de la madre y para prevenir la obesidad y la diabetes tipo 2.\",\"inLanguage\":\"es\",\"potentialAction\":[{\"@type\":\"ReadAction\",\"target\":[\"https:\/\/latam.patiadiabetes.com\/es\/lactancia-prevenir-diabetes-2\/\"]}]},{\"@type\":\"WebSite\",\"@id\":\"https:\/\/latam.patiadiabetes.com\/#website\",\"url\":\"https:\/\/latam.patiadiabetes.com\/\",\"name\":\"PATIA Diabetes\",\"description\":\"T\u00fa puedes prevenir la diabetes tipo 2\",\"publisher\":{\"@id\":\"https:\/\/latam.patiadiabetes.com\/#organization\"},\"potentialAction\":[{\"@type\":\"SearchAction\",\"target\":{\"@type\":\"EntryPoint\",\"urlTemplate\":\"https:\/\/latam.patiadiabetes.com\/?s={search_term_string}\"},\"query-input\":\"required name=search_term_string\"}],\"inLanguage\":\"es\"},{\"@type\":\"Organization\",\"@id\":\"https:\/\/latam.patiadiabetes.com\/#organization\",\"name\":\"Patia\",\"url\":\"https:\/\/latam.patiadiabetes.com\/\",\"logo\":{\"@type\":\"ImageObject\",\"inLanguage\":\"es\",\"@id\":\"https:\/\/latam.patiadiabetes.com\/#\/schema\/logo\/image\/\",\"url\":\"https:\/\/www.patiadiabetes.com\/wp-content\/uploads\/2016\/01\/PATIA-logo.png\",\"contentUrl\":\"https:\/\/www.patiadiabetes.com\/wp-content\/uploads\/2016\/01\/PATIA-logo.png\",\"width\":150,\"height\":80,\"caption\":\"Patia\"},\"image\":{\"@id\":\"https:\/\/latam.patiadiabetes.com\/#\/schema\/logo\/image\/\"}},{\"@type\":\"Person\",\"@id\":\"https:\/\/latam.patiadiabetes.com\/#\/schema\/person\/4fcc77cb80664a79275a88dc33d6d9ee\",\"name\":\"Santy Conde\",\"image\":{\"@type\":\"ImageObject\",\"inLanguage\":\"es\",\"@id\":\"https:\/\/latam.patiadiabetes.com\/#\/schema\/person\/image\/\",\"url\":\"https:\/\/secure.gravatar.com\/avatar\/504900a97d22a4fa1633175285fa5181?s=96&d=mm&r=g\",\"contentUrl\":\"https:\/\/secure.gravatar.com\/avatar\/504900a97d22a4fa1633175285fa5181?s=96&d=mm&r=g\",\"caption\":\"Santy Conde\"},\"description\":\"M\u00e9dico pediatra en atenci\u00f3n primaria. Miembro de los grupos de trabajo de Epidemiolog\u00eda y Diabetes 2.0 de la Sociedad Espa\u00f1ola de diabetes y del grupo de trabajo de Diabetes de la Sociedad Espa\u00f1ola de Endocrinolog\u00eda Pedi\u00e1trica. Twitter: @SeisDoble26\",\"url\":\"https:\/\/latam.patiadiabetes.com\/es\/author\/santy-conde\/\"}]}<\/script>\n<!-- \/ Yoast SEO plugin. -->","yoast_head_json":{"title":"Lactancia y diabetes: los primeros mil d\u00edas de vida (II)","description":"Conoce los beneficios de la lactancia materna tanto para la salud del beb\u00e9 como de la madre y para prevenir la obesidad y la diabetes tipo 2.","robots":{"index":"index","follow":"follow","max-snippet":"max-snippet:-1","max-image-preview":"max-image-preview:large","max-video-preview":"max-video-preview:-1"},"canonical":"https:\/\/latam.patiadiabetes.com\/es\/lactancia-prevenir-diabetes-2\/","og_locale":"es_ES","og_type":"article","og_title":"Lactancia y diabetes: los primeros mil d\u00edas de vida (II)","og_description":"Conoce los beneficios de la lactancia materna tanto para la salud del beb\u00e9 como de la madre y para prevenir la obesidad y la diabetes tipo 2.","og_url":"https:\/\/latam.patiadiabetes.com\/es\/lactancia-prevenir-diabetes-2\/","og_site_name":"PATIA Diabetes","article_published_time":"2017-12-04T12:01:32+00:00","article_modified_time":"2020-12-07T16:14:06+00:00","og_image":[{"width":860,"height":520,"url":"https:\/\/latam.patiadiabetes.com\/wp-content\/uploads\/2017\/12\/Evolucio\u0301n-del-peso-en-la-infancia-11.png","type":"image\/png"}],"author":"Santy Conde","twitter_card":"summary_large_image","twitter_misc":{"Escrito por":"Santy Conde","Tiempo de lectura":"12 minutos"},"schema":{"@context":"https:\/\/schema.org","@graph":[{"@type":"Article","@id":"https:\/\/latam.patiadiabetes.com\/es\/lactancia-prevenir-diabetes-2\/#article","isPartOf":{"@id":"https:\/\/latam.patiadiabetes.com\/es\/lactancia-prevenir-diabetes-2\/"},"author":{"name":"Santy Conde","@id":"https:\/\/latam.patiadiabetes.com\/#\/schema\/person\/4fcc77cb80664a79275a88dc33d6d9ee"},"headline":"La importancia de los 1000 primeros d\u00edas de vida (II): La lactancia","datePublished":"2017-12-04T12:01:32+00:00","dateModified":"2020-12-07T16:14:06+00:00","mainEntityOfPage":{"@id":"https:\/\/latam.patiadiabetes.com\/es\/lactancia-prevenir-diabetes-2\/"},"wordCount":2507,"commentCount":0,"publisher":{"@id":"https:\/\/latam.patiadiabetes.com\/#organization"},"articleSection":["Prevenci\u00f3n diabetes"],"inLanguage":"es","potentialAction":[{"@type":"CommentAction","name":"Comment","target":["https:\/\/latam.patiadiabetes.com\/es\/lactancia-prevenir-diabetes-2\/#respond"]}]},{"@type":"WebPage","@id":"https:\/\/latam.patiadiabetes.com\/es\/lactancia-prevenir-diabetes-2\/","url":"https:\/\/latam.patiadiabetes.com\/es\/lactancia-prevenir-diabetes-2\/","name":"Lactancia y diabetes: los primeros mil d\u00edas de vida (II)","isPartOf":{"@id":"https:\/\/latam.patiadiabetes.com\/#website"},"datePublished":"2017-12-04T12:01:32+00:00","dateModified":"2020-12-07T16:14:06+00:00","description":"Conoce los beneficios de la lactancia materna tanto para la salud del beb\u00e9 como de la madre y para prevenir la obesidad y la diabetes tipo 2.","inLanguage":"es","potentialAction":[{"@type":"ReadAction","target":["https:\/\/latam.patiadiabetes.com\/es\/lactancia-prevenir-diabetes-2\/"]}]},{"@type":"WebSite","@id":"https:\/\/latam.patiadiabetes.com\/#website","url":"https:\/\/latam.patiadiabetes.com\/","name":"PATIA Diabetes","description":"T\u00fa puedes prevenir la diabetes tipo 2","publisher":{"@id":"https:\/\/latam.patiadiabetes.com\/#organization"},"potentialAction":[{"@type":"SearchAction","target":{"@type":"EntryPoint","urlTemplate":"https:\/\/latam.patiadiabetes.com\/?s={search_term_string}"},"query-input":"required name=search_term_string"}],"inLanguage":"es"},{"@type":"Organization","@id":"https:\/\/latam.patiadiabetes.com\/#organization","name":"Patia","url":"https:\/\/latam.patiadiabetes.com\/","logo":{"@type":"ImageObject","inLanguage":"es","@id":"https:\/\/latam.patiadiabetes.com\/#\/schema\/logo\/image\/","url":"https:\/\/www.patiadiabetes.com\/wp-content\/uploads\/2016\/01\/PATIA-logo.png","contentUrl":"https:\/\/www.patiadiabetes.com\/wp-content\/uploads\/2016\/01\/PATIA-logo.png","width":150,"height":80,"caption":"Patia"},"image":{"@id":"https:\/\/latam.patiadiabetes.com\/#\/schema\/logo\/image\/"}},{"@type":"Person","@id":"https:\/\/latam.patiadiabetes.com\/#\/schema\/person\/4fcc77cb80664a79275a88dc33d6d9ee","name":"Santy Conde","image":{"@type":"ImageObject","inLanguage":"es","@id":"https:\/\/latam.patiadiabetes.com\/#\/schema\/person\/image\/","url":"https:\/\/secure.gravatar.com\/avatar\/504900a97d22a4fa1633175285fa5181?s=96&d=mm&r=g","contentUrl":"https:\/\/secure.gravatar.com\/avatar\/504900a97d22a4fa1633175285fa5181?s=96&d=mm&r=g","caption":"Santy Conde"},"description":"M\u00e9dico pediatra en atenci\u00f3n primaria. Miembro de los grupos de trabajo de Epidemiolog\u00eda y Diabetes 2.0 de la Sociedad Espa\u00f1ola de diabetes y del grupo de trabajo de Diabetes de la Sociedad Espa\u00f1ola de Endocrinolog\u00eda Pedi\u00e1trica. Twitter: @SeisDoble26","url":"https:\/\/latam.patiadiabetes.com\/es\/author\/santy-conde\/"}]}},"_links":{"self":[{"href":"https:\/\/latam.patiadiabetes.com\/es\/wp-json\/wp\/v2\/posts\/8408"}],"collection":[{"href":"https:\/\/latam.patiadiabetes.com\/es\/wp-json\/wp\/v2\/posts"}],"about":[{"href":"https:\/\/latam.patiadiabetes.com\/es\/wp-json\/wp\/v2\/types\/post"}],"author":[{"embeddable":true,"href":"https:\/\/latam.patiadiabetes.com\/es\/wp-json\/wp\/v2\/users\/20"}],"replies":[{"embeddable":true,"href":"https:\/\/latam.patiadiabetes.com\/es\/wp-json\/wp\/v2\/comments?post=8408"}],"version-history":[{"count":0,"href":"https:\/\/latam.patiadiabetes.com\/es\/wp-json\/wp\/v2\/posts\/8408\/revisions"}],"wp:featuredmedia":[{"embeddable":true,"href":"https:\/\/latam.patiadiabetes.com\/es\/wp-json\/wp\/v2\/media\/8411"}],"wp:attachment":[{"href":"https:\/\/latam.patiadiabetes.com\/es\/wp-json\/wp\/v2\/media?parent=8408"}],"wp:term":[{"taxonomy":"category","embeddable":true,"href":"https:\/\/latam.patiadiabetes.com\/es\/wp-json\/wp\/v2\/categories?post=8408"},{"taxonomy":"post_tag","embeddable":true,"href":"https:\/\/latam.patiadiabetes.com\/es\/wp-json\/wp\/v2\/tags?post=8408"}],"curies":[{"name":"wp","href":"https:\/\/api.w.org\/{rel}","templated":true}]}}